{"id":1826,"date":"2023-09-01T16:09:00","date_gmt":"2023-09-01T13:09:00","guid":{"rendered":"https:\/\/akpinardokum.com\/en\/?p=1826"},"modified":"2025-04-24T16:51:22","modified_gmt":"2025-04-24T13:51:22","slug":"turk-dokum-sektorel-degerlendirme","status":"publish","type":"post","link":"https:\/\/akpinardokum.com\/en\/2023\/09\/01\/turk-dokum-sektorel-degerlendirme\/","title":{"rendered":"T\u00fcrk D\u00f6k\u00fcm | Sekt\u00f6rel De\u011ferlendirme"},"content":{"rendered":"\n<p>\u00d6ncelikle \u00fclkemize ve depremden zarar g\u00f6ren halk\u0131m\u0131za ge\u00e7mi\u015f olsun. Son birka\u00e7 y\u0131ld\u0131r t\u00fcm d\u00fcnya, krizler, do\u011fal afetler, pandemi, sava\u015flarla kar\u015f\u0131 kar\u015f\u0131ya kald\u0131 ve bir \u015fekilde herkes bunlardan olumsuz etkilendi, etkileniyor. \u00dcretim olarak; 2023 Y\u0131l\u0131 ilk yar\u0131s\u0131, \u00f6nceki y\u0131l\u0131n ilk yar\u0131s\u0131 ile neredeyse ayn\u0131 ger\u00e7ekle\u015fti.<\/p>\n\n\n\n<a href=\"https:\/\/akpinardokum.com\/en\/wp-content\/uploads\/2025\/04\/Ankara-Dokumhane-Sektor.pdf\" class=\"pdfemb-viewer\" style=\"\" data-width=\"max\" data-height=\"max\" data-toolbar=\"bottom\" data-toolbar-fixed=\"off\">Ankara-Dokumhane-Sektor<\/a>\n\n\n\n<p><\/p>\n","protected":false},"excerpt":{"rendered":"<p>\u00d6ncelikle \u00fclkemize ve depremden zarar g\u00f6ren halk\u0131m\u0131za ge\u00e7mi\u015f olsun. Son birka\u00e7 y\u0131ld\u0131r t\u00fcm d\u00fcnya, krizler, do\u011fal afetler, pandemi, sava\u015flarla kar\u015f\u0131 kar\u015f\u0131ya kald\u0131 ve bir \u015fekilde herkes bunlardan olumsuz etkilendi, etkileniyor. \u00dcretim olarak; 2023 Y\u0131l\u0131 ilk yar\u0131s\u0131, \u00f6nceki y\u0131l\u0131n ilk yar\u0131s\u0131 ile neredeyse ayn\u0131 ger\u00e7ekle\u015fti.<\/p>\n","protected":false},"author":1,"featured_media":1841,"comment_status":"closed","ping_status":"closed","sticky":false,"template":"","format":"standard","meta":{"footnotes":""},"categories":[18,47,17],"tags":[],"class_list":["post-1826","post","type-post","status-publish","format-standard","has-post-thumbnail","hentry","category-akpinar-dokum","category-bizden-haberler","category-sektorel"],"aioseo_notices":[],"_links":{"self":[{"href":"https:\/\/akpinardokum.com\/en\/wp-json\/wp\/v2\/posts\/1826","targetHints":{"allow":["GET"]}}],"collection":[{"href":"https:\/\/akpinardokum.com\/en\/wp-json\/wp\/v2\/posts"}],"about":[{"href":"https:\/\/akpinardokum.com\/en\/wp-json\/wp\/v2\/types\/post"}],"author":[{"embeddable":true,"href":"https:\/\/akpinardokum.com\/en\/wp-json\/wp\/v2\/users\/1"}],"replies":[{"embeddable":true,"href":"https:\/\/akpinardokum.com\/en\/wp-json\/wp\/v2\/comments?post=1826"}],"version-history":[{"count":7,"href":"https:\/\/akpinardokum.com\/en\/wp-json\/wp\/v2\/posts\/1826\/revisions"}],"predecessor-version":[{"id":1856,"href":"https:\/\/akpinardokum.com\/en\/wp-json\/wp\/v2\/posts\/1826\/revisions\/1856"}],"wp:featuredmedia":[{"embeddable":true,"href":"https:\/\/akpinardokum.com\/en\/wp-json\/wp\/v2\/media\/1841"}],"wp:attachment":[{"href":"https:\/\/akpinardokum.com\/en\/wp-json\/wp\/v2\/media?parent=1826"}],"wp:term":[{"taxonomy":"category","embeddable":true,"href":"https:\/\/akpinardokum.com\/en\/wp-json\/wp\/v2\/categories?post=1826"},{"taxonomy":"post_tag","embeddable":true,"href":"https:\/\/akpinardokum.com\/en\/wp-json\/wp\/v2\/tags?post=1826"}],"curies":[{"name":"wp","href":"https:\/\/api.w.org\/{rel}","templated":true}]}}